{"id":1572,"date":"2023-03-01T19:59:35","date_gmt":"2023-03-01T18:59:35","guid":{"rendered":"https:\/\/scvm-volleyball.de\/?p=1572"},"modified":"2023-03-01T22:29:55","modified_gmt":"2023-03-01T21:29:55","slug":"desperados-on-final-tour","status":"publish","type":"post","link":"https:\/\/scvm-volleyball.de\/?p=1572","title":{"rendered":"Desperados on (final) Tour"},"content":{"rendered":"\n<p><em>Hier Petras Reisebericht von der Desperados Abschieds-Tour<\/em><\/p>\n\n\n\n<p>Im Januar 2022 beschlossen wir Desperados nach dem Training, unsere gut gef\u00fcllte Mannschaftskasse zu verjubeln. Nach dem coronabedingtem Zusammenschluss der <a href=\"https:\/\/scvm-volleyball.de\/?page_id=157\" data-type=\"page\" data-id=\"157\">Yellow Elephants<\/a> und der <a href=\"https:\/\/scvm-volleyball.de\/?page_id=159\" data-type=\"page\" data-id=\"159\">Desperados<\/a> zu den <a href=\"https:\/\/scvm-volleyball.de\/?page_id=1192\" data-type=\"page\" data-id=\"1192\">Yellowrados<\/a> existierte diese Truppe nach fast 25 Jahren in ihrem Ursprung nicht mehr.<\/p>\n\n\n\n<p>Ein Termin wurde schnell gefunden: Vom 3. bis 6. November sollte es nach Braunlage im Harz gehen. 10 Mannschaftsmitglieder gaben spontan ihre Zusage, sodass ein Haus mit 6 Schlafzimmern gebucht werden konnte.<\/p>\n\n\n\n<p>Nachdem wir uns&nbsp; mit&nbsp; allem Notwendigen (Essen und reichlich Getr\u00e4nken) im Edeka Markt Eggert versorgt hatten, konnte&nbsp;die Fahrt mit 3 PKW angetreten werden. Das Haus war f\u00fcr unsere Zwecke optimal. Problemlos wurden die EZ und DZ vergeben.<\/p>\n\n\n\n<p>Harald hatte sich bereit erkl\u00e4rt, am Donnerstag f\u00fcr das Catering zu sorgen. Es gab leckeres Gyros mit Beilagen und dazu passenden Getr\u00e4nken.&nbsp;Im Anschluss wurden diverse Spiele mit viel Heiterkeit und Spa\u00df abgearbeitet.<\/p>\n\n\n\n<p>Der Freitag startete dann mit einem kurzen Rundgang durch Braunlage, Adventure Golf und einer Runde Hei\u00dfgetr\u00e4nken vor Ort. Am Nachmittag war&nbsp;Eisstockschie\u00dfen angesagt. Hierbei waren diverse ungeahnte&nbsp; M\u00e4dels-Talente im Einsatz. Da unser Geld in der Mannschaftskasse rasch abnahm, wollten wir uns selbst&nbsp;versorgen. Ingmar als Chefkoch hat uns dann mit einem leckeren Rezept bekocht .<\/p>\n\n\n\n<p>Der Sonnabend startete mit einer Wanderung auf den Wurmberg. Am Nachmittag ging es per Auto nach Bad Lauterberg in die Therme&nbsp;mit Saunabesuch und&nbsp; schwimmen.&nbsp;Am Abend haben uns Valle und Viktor mit Plow (ich hoffe, ich hab es richtig geschrieben) verw\u00f6hnt. Dabei kam uns Horst Talent als&nbsp;Zwiebelsch\u00e4ler zu Gute. Nach einem lustigen und feuchtfr\u00f6hlichem Abschiedsabend wurde am Sonntagmorgen die Heimreise angetreten.<\/p>\n\n\n\n<p>Alle waren sich dar\u00fcber einig, das es eine tolle Abschiedsfahrt&nbsp;der Desperados war.<\/p>\n\n\n\n<p>Ich sage Tsch\u00fcss nach fast 25 Jahren&nbsp;<\/p>\n\n\n\n<p>Petra<\/p>\n\n\n\n<p><em>Das gesamte Desperados-Team bedankt sich bei Petra f\u00fcr den tollen Bericht und ihre langj\u00e4hrige Treue und den Einsatz f\u00fcr die Desperados. Du wirst uns fehlen!<\/em><\/p>\n\n\n\n<figure class=\"wp-block-gallery has-nested-images columns-default is-cropped wp-block-gallery-1 is-layout-flex wp-block-gallery-is-layout-flex\">\n<figure class=\"wp-block-image size-large\"><a href=\"https:\/\/scvm-volleyball.de\/wordpress\/wp-content\/uploads\/2023\/03\/Desperados-im-Harz-1.jpg\"><img decoding=\"async\" width=\"450\" height=\"600\" data-id=\"1573\" src=\"https:\/\/scvm-volleyball.de\/wordpress\/wp-content\/uploads\/2023\/03\/Desperados-im-Harz-1.jpg\" alt=\"\" class=\"wp-image-1573\" srcset=\"https:\/\/scvm-volleyball.de\/wordpress\/wp-content\/uploads\/2023\/03\/Desperados-im-Harz-1.jpg 450w, https:\/\/scvm-volleyball.de\/wordpress\/wp-content\/uploads\/2023\/03\/Desperados-im-Harz-1-225x300.jpg 225w\" sizes=\"(max-width: 450px) 100vw, 450px\" \/><\/a><figcaption class=\"wp-element-caption\">Gemeinsames Abendessen<\/figcaption><\/figure>\n\n\n\n<figure class=\"wp-block-image size-large\"><a href=\"https:\/\/scvm-volleyball.de\/wordpress\/wp-content\/uploads\/2023\/03\/Desperados-im-Harz-2.jpg\"><img decoding=\"async\" width=\"600\" height=\"450\" data-id=\"1577\" src=\"https:\/\/scvm-volleyball.de\/wordpress\/wp-content\/uploads\/2023\/03\/Desperados-im-Harz-2.jpg\" alt=\"\" class=\"wp-image-1577\" srcset=\"https:\/\/scvm-volleyball.de\/wordpress\/wp-content\/uploads\/2023\/03\/Desperados-im-Harz-2.jpg 600w, https:\/\/scvm-volleyball.de\/wordpress\/wp-content\/uploads\/2023\/03\/Desperados-im-Harz-2-300x225.jpg 300w\" sizes=\"(max-width: 600px) 100vw, 600px\" \/><\/a><figcaption class=\"wp-element-caption\">Wir machen Braunlage unsicher<\/figcaption><\/figure>\n\n\n\n<figure class=\"wp-block-image size-large\"><a href=\"https:\/\/scvm-volleyball.de\/wordpress\/wp-content\/uploads\/2023\/03\/Desperados-im-Harz-3.jpg\"><img decoding=\"async\" width=\"600\" height=\"338\" data-id=\"1576\" src=\"https:\/\/scvm-volleyball.de\/wordpress\/wp-content\/uploads\/2023\/03\/Desperados-im-Harz-3.jpg\" alt=\"\" class=\"wp-image-1576\" srcset=\"https:\/\/scvm-volleyball.de\/wordpress\/wp-content\/uploads\/2023\/03\/Desperados-im-Harz-3.jpg 600w, https:\/\/scvm-volleyball.de\/wordpress\/wp-content\/uploads\/2023\/03\/Desperados-im-Harz-3-300x169.jpg 300w\" sizes=\"(max-width: 600px) 100vw, 600px\" \/><\/a><figcaption class=\"wp-element-caption\">Desperados Frauen-Power<\/figcaption><\/figure>\n\n\n\n<figure class=\"wp-block-image size-large\"><a href=\"https:\/\/scvm-volleyball.de\/wordpress\/wp-content\/uploads\/2023\/03\/Desperados-im-Harz-4.jpg\"><img decoding=\"async\" width=\"600\" height=\"284\" data-id=\"1578\" src=\"https:\/\/scvm-volleyball.de\/wordpress\/wp-content\/uploads\/2023\/03\/Desperados-im-Harz-4.jpg\" alt=\"\" class=\"wp-image-1578\" srcset=\"https:\/\/scvm-volleyball.de\/wordpress\/wp-content\/uploads\/2023\/03\/Desperados-im-Harz-4.jpg 600w, https:\/\/scvm-volleyball.de\/wordpress\/wp-content\/uploads\/2023\/03\/Desperados-im-Harz-4-300x142.jpg 300w\" sizes=\"(max-width: 600px) 100vw, 600px\" \/><\/a><figcaption class=\"wp-element-caption\">Hei\u00dfgetr\u00e4nke<\/figcaption><\/figure>\n\n\n\n<figure class=\"wp-block-image size-large\"><a href=\"https:\/\/scvm-volleyball.de\/wordpress\/wp-content\/uploads\/2023\/03\/Desperados-im-Harz-5.jpg\"><img decoding=\"async\" width=\"600\" height=\"338\" data-id=\"1574\" src=\"https:\/\/scvm-volleyball.de\/wordpress\/wp-content\/uploads\/2023\/03\/Desperados-im-Harz-5.jpg\" alt=\"\" class=\"wp-image-1574\" srcset=\"https:\/\/scvm-volleyball.de\/wordpress\/wp-content\/uploads\/2023\/03\/Desperados-im-Harz-5.jpg 600w, https:\/\/scvm-volleyball.de\/wordpress\/wp-content\/uploads\/2023\/03\/Desperados-im-Harz-5-300x169.jpg 300w\" sizes=\"(max-width: 600px) 100vw, 600px\" \/><\/a><figcaption class=\"wp-element-caption\">Plow<\/figcaption><\/figure>\n\n\n\n<figure class=\"wp-block-image size-large\"><a href=\"https:\/\/scvm-volleyball.de\/wordpress\/wp-content\/uploads\/2023\/03\/Desperados-im-Harz-6.jpg\"><img decoding=\"async\" width=\"600\" height=\"284\" data-id=\"1575\" src=\"https:\/\/scvm-volleyball.de\/wordpress\/wp-content\/uploads\/2023\/03\/Desperados-im-Harz-6.jpg\" alt=\"\" class=\"wp-image-1575\" srcset=\"https:\/\/scvm-volleyball.de\/wordpress\/wp-content\/uploads\/2023\/03\/Desperados-im-Harz-6.jpg 600w, https:\/\/scvm-volleyball.de\/wordpress\/wp-content\/uploads\/2023\/03\/Desperados-im-Harz-6-300x142.jpg 300w\" sizes=\"(max-width: 600px) 100vw, 600px\" \/><\/a><figcaption class=\"wp-element-caption\">oben: Ingmar, Detlev, Sina, Harald, Horst; unten: Viktor, Maren, Petra, Vali, Taschi <\/figcaption><\/figure>\n<figcaption class=\"blocks-gallery-caption wp-element-caption\">Die Desperados auf Abschieds-Tour im Harz<\/figcaption><\/figure>\n","protected":false},"excerpt":{"rendered":"<p>Hier Petras Reisebericht von der Desperados Abschieds-Tour Im Januar 2022 beschlossen wir Desperados nach dem Training, unsere gut gef\u00fcllte Mannschaftskasse zu verjubeln. Nach dem coronabedingtem Zusammenschluss der Yellow Elephants und der Desperados zu den Yellowrados existierte diese Truppe nach fast 25 Jahren in ihrem Ursprung nicht mehr. Ein Termin wurde schnell gefunden: Vom 3. bis &hellip; <\/p>\n<p class=\"link-more\"><a href=\"https:\/\/scvm-volleyball.de\/?p=1572\" class=\"more-link\"><span class=\"screen-reader-text\">\u201eDesperados on (final) Tour\u201c <\/span>weiterlesen<\/a><\/p>\n","protected":false},"author":1,"featured_media":1578,"comment_status":"open","ping_status":"open","sticky":false,"template":"","format":"standard","meta":{"footnotes":""},"categories":[10],"tags":[26],"class_list":["post-1572","post","type-post","status-publish","format-standard","has-post-thumbnail","hentry","category-mixed","tag-desperados"],"post_mailing_queue_ids":[],"_links":{"self":[{"href":"https:\/\/scvm-volleyball.de\/index.php?rest_route=\/wp\/v2\/posts\/1572","targetHints":{"allow":["GET"]}}],"collection":[{"href":"https:\/\/scvm-volleyball.de\/index.php?rest_route=\/wp\/v2\/posts"}],"about":[{"href":"https:\/\/scvm-volleyball.de\/index.php?rest_route=\/wp\/v2\/types\/post"}],"author":[{"embeddable":true,"href":"https:\/\/scvm-volleyball.de\/index.php?rest_route=\/wp\/v2\/users\/1"}],"replies":[{"embeddable":true,"href":"https:\/\/scvm-volleyball.de\/index.php?rest_route=%2Fwp%2Fv2%2Fcomments&post=1572"}],"version-history":[{"count":6,"href":"https:\/\/scvm-volleyball.de\/index.php?rest_route=\/wp\/v2\/posts\/1572\/revisions"}],"predecessor-version":[{"id":1584,"href":"https:\/\/scvm-volleyball.de\/index.php?rest_route=\/wp\/v2\/posts\/1572\/revisions\/1584"}],"wp:featuredmedia":[{"embeddable":true,"href":"https:\/\/scvm-volleyball.de\/index.php?rest_route=\/wp\/v2\/media\/1578"}],"wp:attachment":[{"href":"https:\/\/scvm-volleyball.de\/index.php?rest_route=%2Fwp%2Fv2%2Fmedia&parent=1572"}],"wp:term":[{"taxonomy":"category","embeddable":true,"href":"https:\/\/scvm-volleyball.de\/index.php?rest_route=%2Fwp%2Fv2%2Fcategories&post=1572"},{"taxonomy":"post_tag","embeddable":true,"href":"https:\/\/scvm-volleyball.de\/index.php?rest_route=%2Fwp%2Fv2%2Ftags&post=1572"}],"curies":[{"name":"wp","href":"https:\/\/api.w.org\/{rel}","templated":true}]}}